{"id":2727,"date":"2021-12-10T10:03:55","date_gmt":"2021-12-10T13:03:55","guid":{"rendered":"https:\/\/webhomserverphp82.asav.org.br\/cidadania\/?p=2727"},"modified":"2021-12-10T10:05:39","modified_gmt":"2021-12-10T13:05:39","slug":"articulacao-e-reflexao-proame-cedeca-lanca-cartilha-sobre-o-acolhimento-institucional","status":"publish","type":"post","link":"https:\/\/unisinos.br\/cidadania\/articulacao-e-reflexao-proame-cedeca-lanca-cartilha-sobre-o-acolhimento-institucional\/","title":{"rendered":"Articula\u00e7\u00e3o e reflex\u00e3o: Proame Cedeca lan\u00e7a cartilha sobre o acolhimento institucional"},"content":{"rendered":"<p>O Proame Cedeca lan\u00e7a nesta sexta-feira, 21 de maio, a cartilha Acolhimento institucional de crian\u00e7as e adolescentes: o papel da rede intersetorial no amparo e na viola\u00e7\u00e3o de direitos humanos. A publica\u00e7\u00e3o, que \u00e9 resultado de pesquisa da situa\u00e7\u00e3o da rede de servi\u00e7os que envolve o acolhimento institucional em S\u00e3o Leopoldo, surgiu a partir do projeto \u201cFortalecimento da conviv\u00eancia familiar e comunit\u00e1ria x Institucionaliza\u00e7\u00e3o do atendimento a crian\u00e7as e adolescentes\u201d, financiado pelo Instituto Ita\u00fa Social, que foi idealizado pela SDS, e executado pelo Proame, em parceria com o Comdedica.<\/p>\n<p><a href=\"https:\/\/drive.google.com\/file\/d\/1Lo5hKq5Y7H4XX5kZgWUtmcwnDXvvwyLC\/view?usp=sharing\" target=\"_blank\" rel=\"noopener noreferrer\">Baixe aqui a cartilha no formato online<\/a><\/p>\n<p>Na \u00faltima d\u00e9cada, houve um aumento do n\u00famero de atendimentos de crian\u00e7as e adolescentes pelos servi\u00e7os de Prote\u00e7\u00e3o Social no munic\u00edpio, com consequente aumento do n\u00famero de acolhimentos institucionais de crian\u00e7as e adolescentes. Al\u00e9m disso, percebeu-se que o munic\u00edpio necessitava de indicadores para compreender o modo de atua\u00e7\u00e3o da rede e quais os pap\u00e9is dos servi\u00e7os nesse processo. Assim, a proposta da pesquisa surgiu com o objetivo de \u201ccompreender os caminhos que levam \u00e0 viola\u00e7\u00e3o de direitos de crian\u00e7as e adolescentes em S\u00e3o Leopoldo desde a motiva\u00e7\u00e3o da interven\u00e7\u00e3o p\u00fablica at\u00e9 as condi\u00e7\u00f5es de acesso a servi\u00e7os p\u00fablicos e ao direito de conviv\u00eancia\u201d.<\/p>\n<p>Diante desse contexto, o desafio das pesquisadoras, Fabiane Asquidamini e Marcela de Maria Sehn Fonseca, foi construir um instrumento que refletisse a complexidade do tema e proporcionasse uma leitura de f\u00e1cil acesso para os atores e as inst\u00e2ncias da rede intersetorial. Para isso este material apresenta duas hist\u00f3rias fict\u00edcias em que todos os acontecimentos se baseiam em situa\u00e7\u00f5es reais analisadas a partir de relatos e documentos. \u201cInfelizmente nenhuma das situa\u00e7\u00f5es vivenciadas pelas crian\u00e7as e pelos adolescentes fict\u00edcios desta cartilha s\u00e3o suposi\u00e7\u00f5es ou fruto da criatividade narrativa das pesquisadoras. Esta cartilha tem como proposta apontar alternativas e instigar problematiza\u00e7\u00f5es sobre o fazeres cotidianos engessados\u201d, pontuam as pesquisadoras.<\/p>\n<p>A cartilha refor\u00e7a que o acolhimento institucional de crian\u00e7as e adolescentes tem sido um desafio n\u00e3o somente para o munic\u00edpio e que historicamente o abrigamento de crian\u00e7as e adolescentes no Brasil est\u00e1 ligado com quest\u00f5es de viola\u00e7\u00e3o produzidas pelo pr\u00f3prio Estado, marcado por profunda desigualdade social.<br \/>\nEntre os dados expostos na publica\u00e7\u00e3o, est\u00e1 o do Conselho Nacional de Justi\u00e7a, chamado de Diagn\u00f3stico sobre o Sistema Nacional de Ado\u00e7\u00e3o e Acolhimento no Brasil. Conforme o documento, em nosso pa\u00eds, havia 34.157 crian\u00e7as e adolescentes acolhidos no ano de 2020.<\/p>\n<p>Os dados gerais do munic\u00edpio que, at\u00e9 o ano de 2020, possu\u00eda quatro institui\u00e7\u00f5es de acolhimento (tr\u00eas gerenciadas por organiza\u00e7\u00f5es parceirizadas com a prefeitura e uma gerida pelo governo municipal) com capacidade para atender, em m\u00e9dia, 101 crian\u00e7as e adolescentes. De acordo com os dados fornecidos pela SDS, entre os meses de janeiro e setembro de 2019, 148 crian\u00e7as e adolescentes estiveram em uma das quatro unidades de acolhimento institucional que prestam esse servi\u00e7o no munic\u00edpio.<\/p>\n<p>No entanto, conforme publica\u00e7\u00e3o, a exposi\u00e7\u00e3o dessas situa\u00e7\u00f5es n\u00e3o tem o intuito de apontar culpados, mas de possibilitar a contempla\u00e7\u00e3o de um cen\u00e1rio complexo que poder\u00e1 ser superado pela articula\u00e7\u00e3o da rede intersetorial, com um material que possa contribuir com a reflex\u00e3o, visando \u00e0 cria\u00e7\u00e3o de novos caminhos para a diminui\u00e7\u00e3o das viola\u00e7\u00f5es sofridas por crian\u00e7as e adolescentes.<\/p>\n","protected":false},"excerpt":{"rendered":"<p>O Proame Cedeca lan\u00e7a nesta sexta-feira, 21 de maio, a cartilha Acolhimento institucional de crian\u00e7as e adolescentes: o papel da rede intersetorial no amparo e na viola\u00e7\u00e3o de direitos humanos. A publica\u00e7\u00e3o, que \u00e9 resultado de pesquisa da situa\u00e7\u00e3o da rede de servi\u00e7os que envolve o acolhimento institucional em S\u00e3o Leopoldo, surgiu a partir do [&hellip;]<\/p>\n","protected":false},"author":7,"featured_media":2728,"comment_status":"open","ping_status":"open","sticky":false,"template":"","format":"standard","meta":{"_monsterinsights_skip_tracking":false,"_monsterinsights_sitenote_active":false,"_monsterinsights_sitenote_note":"","_monsterinsights_sitenote_category":0,"footnotes":""},"categories":[1],"tags":[],"class_list":["post-2727","post","type-post","status-publish","format-standard","has-post-thumbnail","hentry","category-uncategorized"],"_links":{"self":[{"href":"https:\/\/unisinos.br\/cidadania\/wp-json\/wp\/v2\/posts\/2727","targetHints":{"allow":["GET"]}}],"collection":[{"href":"https:\/\/unisinos.br\/cidadania\/wp-json\/wp\/v2\/posts"}],"about":[{"href":"https:\/\/unisinos.br\/cidadania\/wp-json\/wp\/v2\/types\/post"}],"author":[{"embeddable":true,"href":"https:\/\/unisinos.br\/cidadania\/wp-json\/wp\/v2\/users\/7"}],"replies":[{"embeddable":true,"href":"https:\/\/unisinos.br\/cidadania\/wp-json\/wp\/v2\/comments?post=2727"}],"version-history":[{"count":1,"href":"https:\/\/unisinos.br\/cidadania\/wp-json\/wp\/v2\/posts\/2727\/revisions"}],"predecessor-version":[{"id":2729,"href":"https:\/\/unisinos.br\/cidadania\/wp-json\/wp\/v2\/posts\/2727\/revisions\/2729"}],"wp:featuredmedia":[{"embeddable":true,"href":"https:\/\/unisinos.br\/cidadania\/wp-json\/wp\/v2\/media\/2728"}],"wp:attachment":[{"href":"https:\/\/unisinos.br\/cidadania\/wp-json\/wp\/v2\/media?parent=2727"}],"wp:term":[{"taxonomy":"category","embeddable":true,"href":"https:\/\/unisinos.br\/cidadania\/wp-json\/wp\/v2\/categories?post=2727"},{"taxonomy":"post_tag","embeddable":true,"href":"https:\/\/unisinos.br\/cidadania\/wp-json\/wp\/v2\/tags?post=2727"}],"curies":[{"name":"wp","href":"https:\/\/api.w.org\/{rel}","templated":true}]}}