{"id":2677,"date":"2021-11-10T10:22:05","date_gmt":"2021-11-10T13:22:05","guid":{"rendered":"https:\/\/webhomserverphp82.asav.org.br\/cidadania\/?p=2677"},"modified":"2021-11-10T10:22:05","modified_gmt":"2021-11-10T13:22:05","slug":"vanazzi-nomeia-membros-do-conselho-municipal-de-economia-solidaria-e-concede-predio-ao-aesol","status":"publish","type":"post","link":"https:\/\/unisinos.br\/cidadania\/vanazzi-nomeia-membros-do-conselho-municipal-de-economia-solidaria-e-concede-predio-ao-aesol\/","title":{"rendered":"Vanazzi nomeia membros do Conselho Municipal de Economia Solid\u00e1ria e concede pr\u00e9dio ao Aesol"},"content":{"rendered":"<p>Na sexta-feira, dia 15 de outubro, o prefeito Ary Vanazzi nomeou os membros do Conselho Municipal de Economia Solid\u00e1ria. O prefeito tamb\u00e9m formalizou a concess\u00e3o do uso do im\u00f3vel p\u00fablico para Associa\u00e7\u00e3o de Empreendimentos de Economia Solid\u00e1ria de S\u00e3o Leopoldo (Aesol). Tamb\u00e9m foi assinada a ced\u00eancia do im\u00f3vel localizado na avenida Henrique bier, 942, Campina, pelo prazo de dez anos para utiliza\u00e7\u00e3o da Aesol.<\/p>\n<p>&nbsp;<\/p>\n<p>O prefeito parabenizou as representantes da Aesol pela sua luta, pela representatividade e empenho na gera\u00e7\u00e3o de renda. \u201cFomentar a economia solid\u00e1ria \u00e9 uma das prioridades do nosso governo, ainda mais quando vemos mais 20 milh\u00f5es de brasileiros que passado fome e 14 milh\u00f5es de desempregados. E o nosso conselho tem que debater sobre a economia solid\u00e1ria do presente e do futuro, de uma maneira sustent\u00e1vel, pensar em eventos que possam ser produzidos junto a pol\u00edtica solid\u00e1ria da nossa cidade\u201d, disse o prefeito.<\/p>\n<p>&nbsp;<\/p>\n<p>A primeira secret\u00e1ria da Aesol ressaltou a import\u00e2ncia da parceria entre todos os membros da economia solid\u00e1ria. \u201cA economia solid\u00e1ria preza pela n\u00e3o explora\u00e7\u00e3o do trabalhador, o trabalhador precisa receber pela riqueza que ele produz, n\u00f3s n\u00e3o visamos \u00e0 quest\u00e3o do lucro, n\u00f3s visamos a quest\u00e3o das sobras, n\u00f3s dividimos as sobras e as tarefas. E a economia solid\u00e1ria de S\u00e3o Leopoldo \u00e9 refer\u00eancia nacional, n\u00f3s em 2014 criamos o primeiro fundo rotativo solid\u00e1rio do Brasil. Formados por empreendimentos de economia solid\u00e1ria e isso \u00e9 autogest\u00e3o\u201d, comentou.<\/p>\n<p>&nbsp;<\/p>\n<p>O secret\u00e1rio de Desenvolvimento Econ\u00f4mico, Tur\u00edstico e Tecnol\u00f3gico, Juliano Maciel classificou o momento como importante. \u201cNos reunimos para tratar da economia solid\u00e1ria que \u00e9 uma pauta t\u00e3o cara para todos n\u00f3s, uma proposta generosa de gera\u00e7\u00e3o de renda. Em um pa\u00eds onde as pessoas passam por tantas necessidades se torna ainda mais importante nesse per\u00edodo de retomada econ\u00f4mica esse modelo de atividade. A possibilidades s\u00e3o imensas e a recomposi\u00e7\u00e3o e a reestrutura\u00e7\u00e3o do nosso Conselho Municipal \u00e9 o ponto de partida para que possamos come\u00e7ar\u201d, apontou.<\/p>\n<p>&nbsp;<\/p>\n<p>Conforme o diretor da economia solid\u00e1ria, Henrique Schuster, aponta a atividade como um importante mecanismo de inclus\u00e3o social, de desenvolvimento e incentivo econ\u00f4mico. A pr\u00e1tica gera novas oportunidades de trabalho e renda visando \u00e0 distribui\u00e7\u00e3o igualit\u00e1ria dos resultados e o oferecimento equilibrado dos servi\u00e7os atrav\u00e9s de empreendimentos econ\u00f4micos solid\u00e1rios autoadministrados\u201d, frisou.<\/p>\n<p>&nbsp;<\/p>\n<p>Tamb\u00e9m participaram do evento os secret\u00e1rios, Geral de Governo, Nelson Spolaor; de Administra\u00e7\u00e3o, Thiago Gomes; de Pol\u00edticas para as Mulheres, Margarete Simon Ferreti; de Desenvolvimento Social, F\u00e1bio Bernardo da Silva; a diretora do Procon, Neusa Azevedo, e a Ana Affonso (PT).<\/p>\n<p>&nbsp;<\/p>\n<p><strong>Rela\u00e7\u00e3o dos conselheiros do Conselho Municipal de Economia Solid\u00e1ria<\/strong><\/p>\n<p>Governo Municipal: Titular SDS, Marlene Fabrin da Silva, suplente, Sheila Cristina Moraes; Titular da Semmam, Yara Regina Stockmanns, suplente, Adriana Cristiane Viganigno Centeanaro; titular Smed Ram\u00e3o Carvalho, suplente, Marlene de Azevedo Georg; titular Sedettec, Henrique Schuster, suplente, Dorival Rodrigues; titular Sepom, Margarete Simon Ferreti, suplente, Jana\u00edna Raquel da Costa Fernandes; \u00a0titular Sedhu (Igualdade Racial) Adri\u00e2ngela Cabral da Silva; Titular Sedhu (Juventude) Amanda Backes Homem; titular SGG, Dailton Marcelino da Silva, suplente, Cleber, Ant\u00f4nio do Nascimento.<\/p>\n<p>&nbsp;<\/p>\n<p><strong>Entidade de apoio, Sociedade Civil<\/strong><\/p>\n<p>Titular FLD, Angelique Van Zeeland, suplente, Renate Gierus; titular Unsinos, Maria Isabel Rodrigues Lima, suplente, Thainara Veppo dos Anjos; titular Camp, Daniela Oliveira.<br \/>\nEntidade de representa\u00e7\u00e3o dos empreendedores: Titular Aesol, Geni Ros\u00e2ngela Dias, suplente, Paulo Rafael da Silva Evangelio.<br \/>\nEmpreendimentos Sociedade Civil: Titular Magia do Encanto, Fabiana da Silva, suplente, Lucas Gon\u00e7alves Reginaldo; titular Fam\u00edlia Soares, Maria Noel da Silva Evangelio, suplente, Mirela Cec\u00edlia Soares; titular M\u00e3os Unidas, Vera Regina Dias Steffen, suplente, Lurdes Terezinha da Silveira; titular Artes\u00f5es da Feitoria, Sueli Angelita da Silva, suplente, Flavio Wilmar da Silva.<\/p>\n","protected":false},"excerpt":{"rendered":"<p>Na sexta-feira, dia 15 de outubro, o prefeito Ary Vanazzi nomeou os membros do Conselho Municipal de Economia Solid\u00e1ria. O prefeito tamb\u00e9m formalizou a concess\u00e3o do uso do im\u00f3vel p\u00fablico para Associa\u00e7\u00e3o de Empreendimentos de Economia Solid\u00e1ria de S\u00e3o Leopoldo (Aesol). Tamb\u00e9m foi assinada a ced\u00eancia do im\u00f3vel localizado na avenida Henrique bier, 942, Campina, [&hellip;]<\/p>\n","protected":false},"author":7,"featured_media":0,"comment_status":"open","ping_status":"open","sticky":false,"template":"","format":"standard","meta":{"_monsterinsights_skip_tracking":false,"_monsterinsights_sitenote_active":false,"_monsterinsights_sitenote_note":"","_monsterinsights_sitenote_category":0,"footnotes":""},"categories":[1],"tags":[],"class_list":["post-2677","post","type-post","status-publish","format-standard","hentry","category-uncategorized"],"_links":{"self":[{"href":"https:\/\/unisinos.br\/cidadania\/wp-json\/wp\/v2\/posts\/2677","targetHints":{"allow":["GET"]}}],"collection":[{"href":"https:\/\/unisinos.br\/cidadania\/wp-json\/wp\/v2\/posts"}],"about":[{"href":"https:\/\/unisinos.br\/cidadania\/wp-json\/wp\/v2\/types\/post"}],"author":[{"embeddable":true,"href":"https:\/\/unisinos.br\/cidadania\/wp-json\/wp\/v2\/users\/7"}],"replies":[{"embeddable":true,"href":"https:\/\/unisinos.br\/cidadania\/wp-json\/wp\/v2\/comments?post=2677"}],"version-history":[{"count":1,"href":"https:\/\/unisinos.br\/cidadania\/wp-json\/wp\/v2\/posts\/2677\/revisions"}],"predecessor-version":[{"id":2678,"href":"https:\/\/unisinos.br\/cidadania\/wp-json\/wp\/v2\/posts\/2677\/revisions\/2678"}],"wp:attachment":[{"href":"https:\/\/unisinos.br\/cidadania\/wp-json\/wp\/v2\/media?parent=2677"}],"wp:term":[{"taxonomy":"category","embeddable":true,"href":"https:\/\/unisinos.br\/cidadania\/wp-json\/wp\/v2\/categories?post=2677"},{"taxonomy":"post_tag","embeddable":true,"href":"https:\/\/unisinos.br\/cidadania\/wp-json\/wp\/v2\/tags?post=2677"}],"curies":[{"name":"wp","href":"https:\/\/api.w.org\/{rel}","templated":true}]}}