{"id":2503,"date":"2021-07-12T19:21:42","date_gmt":"2021-07-12T22:21:42","guid":{"rendered":"https:\/\/webhomserverphp82.asav.org.br\/cidadania\/?p=2503"},"modified":"2021-08-30T14:09:47","modified_gmt":"2021-08-30T17:09:47","slug":"13a-conferencia-municipal-de-assistencia-social-de-sao-leopoldo","status":"publish","type":"post","link":"https:\/\/unisinos.br\/cidadania\/13a-conferencia-municipal-de-assistencia-social-de-sao-leopoldo\/","title":{"rendered":"13\u00aa Confer\u00eancia Municipal de Assist\u00eancia Social de S\u00e3o Leopoldo"},"content":{"rendered":"<h2><strong>PARTICIPE!<\/strong><\/h2>\n<h3>DIA: 11 de agosto de 2021<\/h3>\n<p><strong>Tema:<\/strong> Assist\u00eancia Social: direito de Povo e Dever do Estado, com Financiamento p\u00fablico, para Enfrentar Desigualdades e Garantir Prote\u00e7\u00e3o Social.<\/p>\n<p><strong>Eixo 1:<\/strong> A prote\u00e7\u00e3o social n\u00e3o-contributiva e o princ\u00edpio da equidade como paradigma para a gest\u00e3o dos direitos socioassistenciais no enfrentamento as desigualdades.<\/p>\n<p><strong>Eixo2<\/strong>: Financiamento e or\u00e7amento como instrumento para a gest\u00e3o de compromissos e corresponsabilidades dos entes federativos para a garantia dos direitos socioassistencias.<\/p>\n<p><strong>Eixo 3<\/strong>: Controle Social: o lugar da sociedade civil no SUAS e a import\u00e2ncia da participa\u00e7\u00e3o dos usu\u00e1rios.<\/p>\n<p><strong>Eixo 4:<\/strong> Gest\u00e3o e acesso \u00e0s seguran\u00e7as socioassistenciais e a articula\u00e7\u00e3o entre servi\u00e7os, benef\u00edcios e transfer\u00eancia de renda como garantias de direitos socioassistenciais e prote\u00e7\u00e3o social.<\/p>\n<p><strong>Eixo 5:<\/strong> Atua\u00e7\u00e3o do Suas em situa\u00e7\u00e3o de calamidade p\u00fablica e emerg\u00eancias.<\/p>\n","protected":false},"excerpt":{"rendered":"<p>PARTICIPE! DIA: 11 de agosto de 2021 Tema: Assist\u00eancia Social: direito de Povo e Dever do Estado, com Financiamento p\u00fablico, para Enfrentar Desigualdades e Garantir Prote\u00e7\u00e3o Social. Eixo 1: A prote\u00e7\u00e3o social n\u00e3o-contributiva e o princ\u00edpio da equidade como paradigma para a gest\u00e3o dos direitos socioassistenciais no enfrentamento as desigualdades. Eixo2: Financiamento e or\u00e7amento como [&hellip;]<\/p>\n","protected":false},"author":7,"featured_media":2590,"comment_status":"open","ping_status":"open","sticky":false,"template":"","format":"standard","meta":{"_monsterinsights_skip_tracking":false,"_monsterinsights_sitenote_active":false,"_monsterinsights_sitenote_note":"","_monsterinsights_sitenote_category":0,"footnotes":""},"categories":[1],"tags":[],"class_list":["post-2503","post","type-post","status-publish","format-standard","has-post-thumbnail","hentry","category-uncategorized"],"_links":{"self":[{"href":"https:\/\/unisinos.br\/cidadania\/wp-json\/wp\/v2\/posts\/2503","targetHints":{"allow":["GET"]}}],"collection":[{"href":"https:\/\/unisinos.br\/cidadania\/wp-json\/wp\/v2\/posts"}],"about":[{"href":"https:\/\/unisinos.br\/cidadania\/wp-json\/wp\/v2\/types\/post"}],"author":[{"embeddable":true,"href":"https:\/\/unisinos.br\/cidadania\/wp-json\/wp\/v2\/users\/7"}],"replies":[{"embeddable":true,"href":"https:\/\/unisinos.br\/cidadania\/wp-json\/wp\/v2\/comments?post=2503"}],"version-history":[{"count":3,"href":"https:\/\/unisinos.br\/cidadania\/wp-json\/wp\/v2\/posts\/2503\/revisions"}],"predecessor-version":[{"id":2506,"href":"https:\/\/unisinos.br\/cidadania\/wp-json\/wp\/v2\/posts\/2503\/revisions\/2506"}],"wp:featuredmedia":[{"embeddable":true,"href":"https:\/\/unisinos.br\/cidadania\/wp-json\/wp\/v2\/media\/2590"}],"wp:attachment":[{"href":"https:\/\/unisinos.br\/cidadania\/wp-json\/wp\/v2\/media?parent=2503"}],"wp:term":[{"taxonomy":"category","embeddable":true,"href":"https:\/\/unisinos.br\/cidadania\/wp-json\/wp\/v2\/categories?post=2503"},{"taxonomy":"post_tag","embeddable":true,"href":"https:\/\/unisinos.br\/cidadania\/wp-json\/wp\/v2\/tags?post=2503"}],"curies":[{"name":"wp","href":"https:\/\/api.w.org\/{rel}","templated":true}]}}