{"id":1392,"date":"2017-11-23T14:28:09","date_gmt":"2017-11-23T16:28:09","guid":{"rendered":"https:\/\/webhomserverphp82.asav.org.br\/cidadania\/?p=1392"},"modified":"2019-08-21T15:19:48","modified_gmt":"2019-08-21T18:19:48","slug":"exibicao-do-documentario-central-o-poder-das-faccoes-no-maior-presidio-do-brasil","status":"publish","type":"post","link":"https:\/\/unisinos.br\/cidadania\/exibicao-do-documentario-central-o-poder-das-faccoes-no-maior-presidio-do-brasil\/","title":{"rendered":"Exibi\u00e7\u00e3o do document\u00e1rio CENTRAL &#8211; O PODER DAS FAC\u00c7\u00d5ES NO MAIOR PRES\u00cdDIO DO BRASIL"},"content":{"rendered":"<p><img decoding=\"async\" class=\"alignnone size-full wp-image-1393\" src=\"https:\/\/webhomserverphp82.asav.org.br\/cidadania\/wp-content\/uploads\/2017\/11\/thumbnail_IMG-20171123-WA0001.jpg\" alt=\"thumbnail_IMG-20171123-WA0001\" width=\"750\" height=\"698\" srcset=\"https:\/\/unisinos.br\/cidadania\/wp-content\/uploads\/2017\/11\/thumbnail_IMG-20171123-WA0001-200x186.jpg 200w, https:\/\/unisinos.br\/cidadania\/wp-content\/uploads\/2017\/11\/thumbnail_IMG-20171123-WA0001-300x279.jpg 300w, https:\/\/unisinos.br\/cidadania\/wp-content\/uploads\/2017\/11\/thumbnail_IMG-20171123-WA0001-400x372.jpg 400w, https:\/\/unisinos.br\/cidadania\/wp-content\/uploads\/2017\/11\/thumbnail_IMG-20171123-WA0001-600x558.jpg 600w, https:\/\/unisinos.br\/cidadania\/wp-content\/uploads\/2017\/11\/thumbnail_IMG-20171123-WA0001.jpg 750w\" sizes=\"(max-width: 750px) 100vw, 750px\" \/><\/p>\n","protected":false},"excerpt":{"rendered":"","protected":false},"author":4,"featured_media":0,"comment_status":"open","ping_status":"open","sticky":false,"template":"","format":"standard","meta":{"_monsterinsights_skip_tracking":false,"_monsterinsights_sitenote_active":false,"_monsterinsights_sitenote_note":"","_monsterinsights_sitenote_category":0,"footnotes":""},"categories":[1],"tags":[],"class_list":["post-1392","post","type-post","status-publish","format-standard","hentry","category-uncategorized"],"_links":{"self":[{"href":"https:\/\/unisinos.br\/cidadania\/wp-json\/wp\/v2\/posts\/1392","targetHints":{"allow":["GET"]}}],"collection":[{"href":"https:\/\/unisinos.br\/cidadania\/wp-json\/wp\/v2\/posts"}],"about":[{"href":"https:\/\/unisinos.br\/cidadania\/wp-json\/wp\/v2\/types\/post"}],"author":[{"embeddable":true,"href":"https:\/\/unisinos.br\/cidadania\/wp-json\/wp\/v2\/users\/4"}],"replies":[{"embeddable":true,"href":"https:\/\/unisinos.br\/cidadania\/wp-json\/wp\/v2\/comments?post=1392"}],"version-history":[{"count":1,"href":"https:\/\/unisinos.br\/cidadania\/wp-json\/wp\/v2\/posts\/1392\/revisions"}],"predecessor-version":[{"id":1394,"href":"https:\/\/unisinos.br\/cidadania\/wp-json\/wp\/v2\/posts\/1392\/revisions\/1394"}],"wp:attachment":[{"href":"https:\/\/unisinos.br\/cidadania\/wp-json\/wp\/v2\/media?parent=1392"}],"wp:term":[{"taxonomy":"category","embeddable":true,"href":"https:\/\/unisinos.br\/cidadania\/wp-json\/wp\/v2\/categories?post=1392"},{"taxonomy":"post_tag","embeddable":true,"href":"https:\/\/unisinos.br\/cidadania\/wp-json\/wp\/v2\/tags?post=1392"}],"curies":[{"name":"wp","href":"https:\/\/api.w.org\/{rel}","templated":true}]}}