{"id":1389,"date":"2017-11-22T17:43:38","date_gmt":"2017-11-22T19:43:38","guid":{"rendered":"https:\/\/webhomserverphp82.asav.org.br\/cidadania\/?p=1389"},"modified":"2017-11-22T17:43:38","modified_gmt":"2017-11-22T19:43:38","slug":"caminhada-iluminada-pela-vida-das-mulheres","status":"publish","type":"post","link":"https:\/\/unisinos.br\/cidadania\/caminhada-iluminada-pela-vida-das-mulheres\/","title":{"rendered":"Caminhada Iluminada pela Vida das Mulheres"},"content":{"rendered":"<pre class=\"_ad_q1\">A Secretaria da Mulher esta organizando uma Caminhada Iluminada pela Vida das Mulheres de abertura dos 16 dias de ativismo pelo fim da viol\u00eancia contra mulher.\r\nSer\u00e1 neste s\u00e1bado dia 25 de novembro, com inicio \u00e1s19h30min sa\u00edda do Banrisul e terminando no Museu do Rio na Rua da.Praia com ato cultural.\r\nContamos com a presen\u00e7a da sociedade civil e organizada para uma grande manifesta\u00e7\u00e3o de apoio pela vida das mulheres.\r\nMobilize seu grupo e junte-se a n\u00f3s.<\/pre>\n","protected":false},"excerpt":{"rendered":"<p>A Secretaria da Mulher esta organizando uma Caminhada Iluminada pela Vida das Mulheres de abertura dos 16 dias de ativismo pelo fim da viol\u00eancia contra mulher. Ser\u00e1 neste s\u00e1bado dia 25 de novembro, com inicio \u00e1s19h30min sa\u00edda do Banrisul e terminando no Museu do Rio na Rua da.Praia com ato cultural. Contamos com a presen\u00e7a [&hellip;]<\/p>\n","protected":false},"author":4,"featured_media":0,"comment_status":"open","ping_status":"open","sticky":false,"template":"","format":"quote","meta":{"_monsterinsights_skip_tracking":false,"_monsterinsights_sitenote_active":false,"_monsterinsights_sitenote_note":"","_monsterinsights_sitenote_category":0,"footnotes":""},"categories":[1],"tags":[],"class_list":["post-1389","post","type-post","status-publish","format-quote","hentry","category-uncategorized","post_format-post-format-quote"],"_links":{"self":[{"href":"https:\/\/unisinos.br\/cidadania\/wp-json\/wp\/v2\/posts\/1389","targetHints":{"allow":["GET"]}}],"collection":[{"href":"https:\/\/unisinos.br\/cidadania\/wp-json\/wp\/v2\/posts"}],"about":[{"href":"https:\/\/unisinos.br\/cidadania\/wp-json\/wp\/v2\/types\/post"}],"author":[{"embeddable":true,"href":"https:\/\/unisinos.br\/cidadania\/wp-json\/wp\/v2\/users\/4"}],"replies":[{"embeddable":true,"href":"https:\/\/unisinos.br\/cidadania\/wp-json\/wp\/v2\/comments?post=1389"}],"version-history":[{"count":1,"href":"https:\/\/unisinos.br\/cidadania\/wp-json\/wp\/v2\/posts\/1389\/revisions"}],"predecessor-version":[{"id":1390,"href":"https:\/\/unisinos.br\/cidadania\/wp-json\/wp\/v2\/posts\/1389\/revisions\/1390"}],"wp:attachment":[{"href":"https:\/\/unisinos.br\/cidadania\/wp-json\/wp\/v2\/media?parent=1389"}],"wp:term":[{"taxonomy":"category","embeddable":true,"href":"https:\/\/unisinos.br\/cidadania\/wp-json\/wp\/v2\/categories?post=1389"},{"taxonomy":"post_tag","embeddable":true,"href":"https:\/\/unisinos.br\/cidadania\/wp-json\/wp\/v2\/tags?post=1389"}],"curies":[{"name":"wp","href":"https:\/\/api.w.org\/{rel}","templated":true}]}}