{"id":1350,"date":"2017-11-06T22:10:02","date_gmt":"2017-11-07T00:10:02","guid":{"rendered":"https:\/\/webhomserverphp82.asav.org.br\/cidadania\/?p=1350"},"modified":"2019-08-21T15:19:51","modified_gmt":"2019-08-21T18:19:51","slug":"abertura-do-mes-da-consciencia-negra-sao-leopoldo","status":"publish","type":"post","link":"https:\/\/unisinos.br\/cidadania\/abertura-do-mes-da-consciencia-negra-sao-leopoldo\/","title":{"rendered":"Abertura do M\u00eas da Consci\u00eancia Negra-S\u00e3o leopoldo"},"content":{"rendered":"<p><img decoding=\"async\" class=\"alignnone size-full wp-image-1351\" src=\"https:\/\/webhomserverphp82.asav.org.br\/cidadania\/wp-content\/uploads\/2017\/11\/cidadania.jpg\" alt=\"cidadania\" width=\"800\" height=\"960\" srcset=\"https:\/\/unisinos.br\/cidadania\/wp-content\/uploads\/2017\/11\/cidadania-200x240.jpg 200w, https:\/\/unisinos.br\/cidadania\/wp-content\/uploads\/2017\/11\/cidadania-250x300.jpg 250w, https:\/\/unisinos.br\/cidadania\/wp-content\/uploads\/2017\/11\/cidadania-400x480.jpg 400w, https:\/\/unisinos.br\/cidadania\/wp-content\/uploads\/2017\/11\/cidadania-600x720.jpg 600w, https:\/\/unisinos.br\/cidadania\/wp-content\/uploads\/2017\/11\/cidadania-768x922.jpg 768w, https:\/\/unisinos.br\/cidadania\/wp-content\/uploads\/2017\/11\/cidadania.jpg 800w\" sizes=\"(max-width: 800px) 100vw, 800px\" \/><\/p>\n","protected":false},"excerpt":{"rendered":"","protected":false},"author":4,"featured_media":0,"comment_status":"open","ping_status":"open","sticky":false,"template":"","format":"standard","meta":{"_monsterinsights_skip_tracking":false,"_monsterinsights_sitenote_active":false,"_monsterinsights_sitenote_note":"","_monsterinsights_sitenote_category":0,"footnotes":""},"categories":[1],"tags":[],"class_list":["post-1350","post","type-post","status-publish","format-standard","hentry","category-uncategorized"],"_links":{"self":[{"href":"https:\/\/unisinos.br\/cidadania\/wp-json\/wp\/v2\/posts\/1350","targetHints":{"allow":["GET"]}}],"collection":[{"href":"https:\/\/unisinos.br\/cidadania\/wp-json\/wp\/v2\/posts"}],"about":[{"href":"https:\/\/unisinos.br\/cidadania\/wp-json\/wp\/v2\/types\/post"}],"author":[{"embeddable":true,"href":"https:\/\/unisinos.br\/cidadania\/wp-json\/wp\/v2\/users\/4"}],"replies":[{"embeddable":true,"href":"https:\/\/unisinos.br\/cidadania\/wp-json\/wp\/v2\/comments?post=1350"}],"version-history":[{"count":1,"href":"https:\/\/unisinos.br\/cidadania\/wp-json\/wp\/v2\/posts\/1350\/revisions"}],"predecessor-version":[{"id":1352,"href":"https:\/\/unisinos.br\/cidadania\/wp-json\/wp\/v2\/posts\/1350\/revisions\/1352"}],"wp:attachment":[{"href":"https:\/\/unisinos.br\/cidadania\/wp-json\/wp\/v2\/media?parent=1350"}],"wp:term":[{"taxonomy":"category","embeddable":true,"href":"https:\/\/unisinos.br\/cidadania\/wp-json\/wp\/v2\/categories?post=1350"},{"taxonomy":"post_tag","embeddable":true,"href":"https:\/\/unisinos.br\/cidadania\/wp-json\/wp\/v2\/tags?post=1350"}],"curies":[{"name":"wp","href":"https:\/\/api.w.org\/{rel}","templated":true}]}}