{"id":1342,"date":"2017-11-03T00:47:30","date_gmt":"2017-11-03T02:47:30","guid":{"rendered":"https:\/\/webhomserverphp82.asav.org.br\/cidadania\/?p=1342"},"modified":"2019-08-21T15:19:52","modified_gmt":"2019-08-21T18:19:52","slug":"reducao-da-maioridade-penal-e-a-criminalizacao-da-juventude","status":"publish","type":"post","link":"https:\/\/unisinos.br\/cidadania\/reducao-da-maioridade-penal-e-a-criminalizacao-da-juventude\/","title":{"rendered":"Redu\u00e7\u00e3o da Maioridade Penal e a Criminaliza\u00e7\u00e3o da Juventude."},"content":{"rendered":"<p><img decoding=\"async\" class=\"alignnone size-large wp-image-1343\" src=\"https:\/\/webhomserverphp82.asav.org.br\/cidadania\/wp-content\/uploads\/2017\/11\/thumbnail_IMG-20171101-WA0014-576x1024.jpg\" alt=\"thumbnail_IMG-20171101-WA0014\" width=\"576\" height=\"1024\" srcset=\"https:\/\/unisinos.br\/cidadania\/wp-content\/uploads\/2017\/11\/thumbnail_IMG-20171101-WA0014-169x300.jpg 169w, https:\/\/unisinos.br\/cidadania\/wp-content\/uploads\/2017\/11\/thumbnail_IMG-20171101-WA0014-200x356.jpg 200w, https:\/\/unisinos.br\/cidadania\/wp-content\/uploads\/2017\/11\/thumbnail_IMG-20171101-WA0014-400x711.jpg 400w, https:\/\/unisinos.br\/cidadania\/wp-content\/uploads\/2017\/11\/thumbnail_IMG-20171101-WA0014-576x1024.jpg 576w, https:\/\/unisinos.br\/cidadania\/wp-content\/uploads\/2017\/11\/thumbnail_IMG-20171101-WA0014-600x1067.jpg 600w, https:\/\/unisinos.br\/cidadania\/wp-content\/uploads\/2017\/11\/thumbnail_IMG-20171101-WA0014.jpg 720w\" sizes=\"(max-width: 576px) 100vw, 576px\" \/><\/p>\n","protected":false},"excerpt":{"rendered":"","protected":false},"author":4,"featured_media":0,"comment_status":"open","ping_status":"open","sticky":false,"template":"","format":"standard","meta":{"_monsterinsights_skip_tracking":false,"_monsterinsights_sitenote_active":false,"_monsterinsights_sitenote_note":"","_monsterinsights_sitenote_category":0,"footnotes":""},"categories":[1],"tags":[],"class_list":["post-1342","post","type-post","status-publish","format-standard","hentry","category-uncategorized"],"_links":{"self":[{"href":"https:\/\/unisinos.br\/cidadania\/wp-json\/wp\/v2\/posts\/1342","targetHints":{"allow":["GET"]}}],"collection":[{"href":"https:\/\/unisinos.br\/cidadania\/wp-json\/wp\/v2\/posts"}],"about":[{"href":"https:\/\/unisinos.br\/cidadania\/wp-json\/wp\/v2\/types\/post"}],"author":[{"embeddable":true,"href":"https:\/\/unisinos.br\/cidadania\/wp-json\/wp\/v2\/users\/4"}],"replies":[{"embeddable":true,"href":"https:\/\/unisinos.br\/cidadania\/wp-json\/wp\/v2\/comments?post=1342"}],"version-history":[{"count":1,"href":"https:\/\/unisinos.br\/cidadania\/wp-json\/wp\/v2\/posts\/1342\/revisions"}],"predecessor-version":[{"id":1344,"href":"https:\/\/unisinos.br\/cidadania\/wp-json\/wp\/v2\/posts\/1342\/revisions\/1344"}],"wp:attachment":[{"href":"https:\/\/unisinos.br\/cidadania\/wp-json\/wp\/v2\/media?parent=1342"}],"wp:term":[{"taxonomy":"category","embeddable":true,"href":"https:\/\/unisinos.br\/cidadania\/wp-json\/wp\/v2\/categories?post=1342"},{"taxonomy":"post_tag","embeddable":true,"href":"https:\/\/unisinos.br\/cidadania\/wp-json\/wp\/v2\/tags?post=1342"}],"curies":[{"name":"wp","href":"https:\/\/api.w.org\/{rel}","templated":true}]}}