{"id":1336,"date":"2017-11-03T00:44:43","date_gmt":"2017-11-03T02:44:43","guid":{"rendered":"https:\/\/webhomserverphp82.asav.org.br\/cidadania\/?p=1336"},"modified":"2019-08-21T15:19:53","modified_gmt":"2019-08-21T18:19:53","slug":"conviteseminario-avancos-na-legislacao-protetiva-de-criancas-e-adolescentes","status":"publish","type":"post","link":"https:\/\/unisinos.br\/cidadania\/conviteseminario-avancos-na-legislacao-protetiva-de-criancas-e-adolescentes\/","title":{"rendered":"Convite:Semin\u00e1rio Avan\u00e7os na Legisla\u00e7\u00e3o Protetiva de Crian\u00e7as e Adolescentes"},"content":{"rendered":"<p><img decoding=\"async\" class=\"alignnone size-full wp-image-1337\" src=\"https:\/\/webhomserverphp82.asav.org.br\/cidadania\/wp-content\/uploads\/2017\/11\/thumbnail_IMG-20171101-WA0012.jpg\" alt=\"thumbnail_IMG-20171101-WA0012\" width=\"750\" height=\"409\" srcset=\"https:\/\/unisinos.br\/cidadania\/wp-content\/uploads\/2017\/11\/thumbnail_IMG-20171101-WA0012-200x109.jpg 200w, https:\/\/unisinos.br\/cidadania\/wp-content\/uploads\/2017\/11\/thumbnail_IMG-20171101-WA0012-300x164.jpg 300w, https:\/\/unisinos.br\/cidadania\/wp-content\/uploads\/2017\/11\/thumbnail_IMG-20171101-WA0012-400x218.jpg 400w, https:\/\/unisinos.br\/cidadania\/wp-content\/uploads\/2017\/11\/thumbnail_IMG-20171101-WA0012-600x327.jpg 600w, https:\/\/unisinos.br\/cidadania\/wp-content\/uploads\/2017\/11\/thumbnail_IMG-20171101-WA0012.jpg 750w\" sizes=\"(max-width: 750px) 100vw, 750px\" \/><\/p>\n","protected":false},"excerpt":{"rendered":"","protected":false},"author":4,"featured_media":0,"comment_status":"open","ping_status":"open","sticky":false,"template":"","format":"standard","meta":{"_monsterinsights_skip_tracking":false,"_monsterinsights_sitenote_active":false,"_monsterinsights_sitenote_note":"","_monsterinsights_sitenote_category":0,"footnotes":""},"categories":[1],"tags":[],"class_list":["post-1336","post","type-post","status-publish","format-standard","hentry","category-uncategorized"],"_links":{"self":[{"href":"https:\/\/unisinos.br\/cidadania\/wp-json\/wp\/v2\/posts\/1336","targetHints":{"allow":["GET"]}}],"collection":[{"href":"https:\/\/unisinos.br\/cidadania\/wp-json\/wp\/v2\/posts"}],"about":[{"href":"https:\/\/unisinos.br\/cidadania\/wp-json\/wp\/v2\/types\/post"}],"author":[{"embeddable":true,"href":"https:\/\/unisinos.br\/cidadania\/wp-json\/wp\/v2\/users\/4"}],"replies":[{"embeddable":true,"href":"https:\/\/unisinos.br\/cidadania\/wp-json\/wp\/v2\/comments?post=1336"}],"version-history":[{"count":1,"href":"https:\/\/unisinos.br\/cidadania\/wp-json\/wp\/v2\/posts\/1336\/revisions"}],"predecessor-version":[{"id":1338,"href":"https:\/\/unisinos.br\/cidadania\/wp-json\/wp\/v2\/posts\/1336\/revisions\/1338"}],"wp:attachment":[{"href":"https:\/\/unisinos.br\/cidadania\/wp-json\/wp\/v2\/media?parent=1336"}],"wp:term":[{"taxonomy":"category","embeddable":true,"href":"https:\/\/unisinos.br\/cidadania\/wp-json\/wp\/v2\/categories?post=1336"},{"taxonomy":"post_tag","embeddable":true,"href":"https:\/\/unisinos.br\/cidadania\/wp-json\/wp\/v2\/tags?post=1336"}],"curies":[{"name":"wp","href":"https:\/\/api.w.org\/{rel}","templated":true}]}}