{"id":1270,"date":"2017-10-16T10:40:01","date_gmt":"2017-10-16T12:40:01","guid":{"rendered":"https:\/\/webhomserverphp82.asav.org.br\/cidadania\/?p=1270"},"modified":"2019-08-21T15:19:56","modified_gmt":"2019-08-21T18:19:56","slug":"convite-para-a-reuniao-da-rede-de-enfrentamento-a-violencia-domestica-e-sexual-contra-crianca-e-adolescente","status":"publish","type":"post","link":"https:\/\/unisinos.br\/cidadania\/convite-para-a-reuniao-da-rede-de-enfrentamento-a-violencia-domestica-e-sexual-contra-crianca-e-adolescente\/","title":{"rendered":"Convite para a Reuni\u00e3o da Rede de Enfrentamento \u00e0 Viol\u00eancia Dom\u00e9stica e Sexual contra Crian\u00e7a e Adolescente"},"content":{"rendered":"<p>Participe!<\/p>\n<p><img decoding=\"async\" class=\"alignnone size-large wp-image-1271\" src=\"https:\/\/webhomserverphp82.asav.org.br\/cidadania\/wp-content\/uploads\/2017\/10\/Convite-Rede-1-1024x791.png\" alt=\"Convite Rede (1)\" width=\"1024\" height=\"791\" srcset=\"https:\/\/unisinos.br\/cidadania\/wp-content\/uploads\/2017\/10\/Convite-Rede-1-200x155.png 200w, https:\/\/unisinos.br\/cidadania\/wp-content\/uploads\/2017\/10\/Convite-Rede-1-300x232.png 300w, https:\/\/unisinos.br\/cidadania\/wp-content\/uploads\/2017\/10\/Convite-Rede-1-400x309.png 400w, https:\/\/unisinos.br\/cidadania\/wp-content\/uploads\/2017\/10\/Convite-Rede-1-600x464.png 600w, https:\/\/unisinos.br\/cidadania\/wp-content\/uploads\/2017\/10\/Convite-Rede-1-768x593.png 768w, https:\/\/unisinos.br\/cidadania\/wp-content\/uploads\/2017\/10\/Convite-Rede-1-800x618.png 800w, https:\/\/unisinos.br\/cidadania\/wp-content\/uploads\/2017\/10\/Convite-Rede-1-1024x791.png 1024w, https:\/\/unisinos.br\/cidadania\/wp-content\/uploads\/2017\/10\/Convite-Rede-1.png 1056w\" sizes=\"(max-width: 1024px) 100vw, 1024px\" \/><\/p>\n","protected":false},"excerpt":{"rendered":"<p>Participe!<\/p>\n","protected":false},"author":4,"featured_media":0,"comment_status":"open","ping_status":"open","sticky":false,"template":"","format":"standard","meta":{"_monsterinsights_skip_tracking":false,"_monsterinsights_sitenote_active":false,"_monsterinsights_sitenote_note":"","_monsterinsights_sitenote_category":0,"footnotes":""},"categories":[2],"tags":[17],"class_list":["post-1270","post","type-post","status-publish","format-standard","hentry","category-cidadania-em-foco","tag-direitos-das-criancas-e-dos-adolescentes"],"_links":{"self":[{"href":"https:\/\/unisinos.br\/cidadania\/wp-json\/wp\/v2\/posts\/1270","targetHints":{"allow":["GET"]}}],"collection":[{"href":"https:\/\/unisinos.br\/cidadania\/wp-json\/wp\/v2\/posts"}],"about":[{"href":"https:\/\/unisinos.br\/cidadania\/wp-json\/wp\/v2\/types\/post"}],"author":[{"embeddable":true,"href":"https:\/\/unisinos.br\/cidadania\/wp-json\/wp\/v2\/users\/4"}],"replies":[{"embeddable":true,"href":"https:\/\/unisinos.br\/cidadania\/wp-json\/wp\/v2\/comments?post=1270"}],"version-history":[{"count":1,"href":"https:\/\/unisinos.br\/cidadania\/wp-json\/wp\/v2\/posts\/1270\/revisions"}],"predecessor-version":[{"id":1272,"href":"https:\/\/unisinos.br\/cidadania\/wp-json\/wp\/v2\/posts\/1270\/revisions\/1272"}],"wp:attachment":[{"href":"https:\/\/unisinos.br\/cidadania\/wp-json\/wp\/v2\/media?parent=1270"}],"wp:term":[{"taxonomy":"category","embeddable":true,"href":"https:\/\/unisinos.br\/cidadania\/wp-json\/wp\/v2\/categories?post=1270"},{"taxonomy":"post_tag","embeddable":true,"href":"https:\/\/unisinos.br\/cidadania\/wp-json\/wp\/v2\/tags?post=1270"}],"curies":[{"name":"wp","href":"https:\/\/api.w.org\/{rel}","templated":true}]}}