{"id":1246,"date":"2017-10-05T10:13:23","date_gmt":"2017-10-05T13:13:23","guid":{"rendered":"https:\/\/webhomserverphp82.asav.org.br\/cidadania\/?p=1246"},"modified":"2019-08-21T15:19:58","modified_gmt":"2019-08-21T18:19:58","slug":"conferencia-educacao-das-relacoes-etnico-raciais-e-feminismo-negro-na-universidade-e-comunidade","status":"publish","type":"post","link":"https:\/\/unisinos.br\/cidadania\/conferencia-educacao-das-relacoes-etnico-raciais-e-feminismo-negro-na-universidade-e-comunidade\/","title":{"rendered":"Confer\u00eancia: &#8221; Educa\u00e7\u00e3o das rela\u00e7\u00f5es \u00e9tnico raciais e feminismo negro na universidade e comunidade&#8221;."},"content":{"rendered":"<p><img decoding=\"async\" class=\"alignnone size-large wp-image-1247\" src=\"https:\/\/webhomserverphp82.asav.org.br\/cidadania\/wp-content\/uploads\/2017\/10\/evente-1-717x1024.jpg\" alt=\"evente 1\" width=\"717\" height=\"1024\" srcset=\"https:\/\/unisinos.br\/cidadania\/wp-content\/uploads\/2017\/10\/evente-1-200x286.jpg 200w, https:\/\/unisinos.br\/cidadania\/wp-content\/uploads\/2017\/10\/evente-1-210x300.jpg 210w, https:\/\/unisinos.br\/cidadania\/wp-content\/uploads\/2017\/10\/evente-1-400x571.jpg 400w, https:\/\/unisinos.br\/cidadania\/wp-content\/uploads\/2017\/10\/evente-1-600x857.jpg 600w, https:\/\/unisinos.br\/cidadania\/wp-content\/uploads\/2017\/10\/evente-1-717x1024.jpg 717w, https:\/\/unisinos.br\/cidadania\/wp-content\/uploads\/2017\/10\/evente-1-768x1097.jpg 768w, https:\/\/unisinos.br\/cidadania\/wp-content\/uploads\/2017\/10\/evente-1-800x1143.jpg 800w, https:\/\/unisinos.br\/cidadania\/wp-content\/uploads\/2017\/10\/evente-1.jpg 896w\" sizes=\"(max-width: 717px) 100vw, 717px\" \/><\/p>\n","protected":false},"excerpt":{"rendered":"","protected":false},"author":4,"featured_media":0,"comment_status":"open","ping_status":"open","sticky":false,"template":"","format":"standard","meta":{"_monsterinsights_skip_tracking":false,"_monsterinsights_sitenote_active":false,"_monsterinsights_sitenote_note":"","_monsterinsights_sitenote_category":0,"footnotes":""},"categories":[1],"tags":[],"class_list":["post-1246","post","type-post","status-publish","format-standard","hentry","category-uncategorized"],"_links":{"self":[{"href":"https:\/\/unisinos.br\/cidadania\/wp-json\/wp\/v2\/posts\/1246","targetHints":{"allow":["GET"]}}],"collection":[{"href":"https:\/\/unisinos.br\/cidadania\/wp-json\/wp\/v2\/posts"}],"about":[{"href":"https:\/\/unisinos.br\/cidadania\/wp-json\/wp\/v2\/types\/post"}],"author":[{"embeddable":true,"href":"https:\/\/unisinos.br\/cidadania\/wp-json\/wp\/v2\/users\/4"}],"replies":[{"embeddable":true,"href":"https:\/\/unisinos.br\/cidadania\/wp-json\/wp\/v2\/comments?post=1246"}],"version-history":[{"count":1,"href":"https:\/\/unisinos.br\/cidadania\/wp-json\/wp\/v2\/posts\/1246\/revisions"}],"predecessor-version":[{"id":1248,"href":"https:\/\/unisinos.br\/cidadania\/wp-json\/wp\/v2\/posts\/1246\/revisions\/1248"}],"wp:attachment":[{"href":"https:\/\/unisinos.br\/cidadania\/wp-json\/wp\/v2\/media?parent=1246"}],"wp:term":[{"taxonomy":"category","embeddable":true,"href":"https:\/\/unisinos.br\/cidadania\/wp-json\/wp\/v2\/categories?post=1246"},{"taxonomy":"post_tag","embeddable":true,"href":"https:\/\/unisinos.br\/cidadania\/wp-json\/wp\/v2\/tags?post=1246"}],"curies":[{"name":"wp","href":"https:\/\/api.w.org\/{rel}","templated":true}]}}