{"id":1180,"date":"2017-08-16T10:02:43","date_gmt":"2017-08-16T13:02:43","guid":{"rendered":"https:\/\/webhomserverphp82.asav.org.br\/cidadania\/?p=1180"},"modified":"2019-08-21T15:20:05","modified_gmt":"2019-08-21T18:20:05","slug":"reuniao-da-rede-de-enfrentamento-a-violencia-domestica-e-sexual-contra-a-crianca-e-adolescente","status":"publish","type":"post","link":"https:\/\/unisinos.br\/cidadania\/reuniao-da-rede-de-enfrentamento-a-violencia-domestica-e-sexual-contra-a-crianca-e-adolescente\/","title":{"rendered":"Reuni\u00e3o da Rede de Enfrentamento \u00e0 Viol\u00eancia Dom\u00e9stica e Sexual Contra \u00e0 Crian\u00e7a e Adolescente"},"content":{"rendered":"<p>Convite para a reuni\u00e3o mensal da Rede de Enfrentamento \u00e0 Viol\u00eancia Dom\u00e9stica e Sexual Contra \u00e0 Crian\u00e7a e Adolescente<\/p>\n<p><img decoding=\"async\" class=\"alignnone size-large wp-image-1181\" src=\"https:\/\/webhomserverphp82.asav.org.br\/cidadania\/wp-content\/uploads\/2017\/08\/Rede-Enfrentamento-Crian\u00e7a-e-Adolescente-1024x791.png\" alt=\"Rede Enfrentamento Crian\u00e7a e Adolescente\" width=\"1024\" height=\"791\" srcset=\"https:\/\/unisinos.br\/cidadania\/wp-content\/uploads\/2017\/08\/Rede-Enfrentamento-Crian\u00e7a-e-Adolescente-200x155.png 200w, https:\/\/unisinos.br\/cidadania\/wp-content\/uploads\/2017\/08\/Rede-Enfrentamento-Crian\u00e7a-e-Adolescente-300x232.png 300w, https:\/\/unisinos.br\/cidadania\/wp-content\/uploads\/2017\/08\/Rede-Enfrentamento-Crian\u00e7a-e-Adolescente-400x309.png 400w, https:\/\/unisinos.br\/cidadania\/wp-content\/uploads\/2017\/08\/Rede-Enfrentamento-Crian\u00e7a-e-Adolescente-600x464.png 600w, https:\/\/unisinos.br\/cidadania\/wp-content\/uploads\/2017\/08\/Rede-Enfrentamento-Crian\u00e7a-e-Adolescente-768x593.png 768w, https:\/\/unisinos.br\/cidadania\/wp-content\/uploads\/2017\/08\/Rede-Enfrentamento-Crian\u00e7a-e-Adolescente-800x618.png 800w, https:\/\/unisinos.br\/cidadania\/wp-content\/uploads\/2017\/08\/Rede-Enfrentamento-Crian\u00e7a-e-Adolescente-1024x791.png 1024w, https:\/\/unisinos.br\/cidadania\/wp-content\/uploads\/2017\/08\/Rede-Enfrentamento-Crian\u00e7a-e-Adolescente.png 1056w\" sizes=\"(max-width: 1024px) 100vw, 1024px\" \/><\/p>\n","protected":false},"excerpt":{"rendered":"<p>Convite para a reuni\u00e3o mensal da Rede de Enfrentamento \u00e0 Viol\u00eancia Dom\u00e9stica e Sexual Contra \u00e0 Crian\u00e7a e Adolescente<\/p>\n","protected":false},"author":4,"featured_media":0,"comment_status":"open","ping_status":"open","sticky":false,"template":"","format":"standard","meta":{"_monsterinsights_skip_tracking":false,"_monsterinsights_sitenote_active":false,"_monsterinsights_sitenote_note":"","_monsterinsights_sitenote_category":0,"footnotes":""},"categories":[2],"tags":[],"class_list":["post-1180","post","type-post","status-publish","format-standard","hentry","category-cidadania-em-foco"],"_links":{"self":[{"href":"https:\/\/unisinos.br\/cidadania\/wp-json\/wp\/v2\/posts\/1180","targetHints":{"allow":["GET"]}}],"collection":[{"href":"https:\/\/unisinos.br\/cidadania\/wp-json\/wp\/v2\/posts"}],"about":[{"href":"https:\/\/unisinos.br\/cidadania\/wp-json\/wp\/v2\/types\/post"}],"author":[{"embeddable":true,"href":"https:\/\/unisinos.br\/cidadania\/wp-json\/wp\/v2\/users\/4"}],"replies":[{"embeddable":true,"href":"https:\/\/unisinos.br\/cidadania\/wp-json\/wp\/v2\/comments?post=1180"}],"version-history":[{"count":1,"href":"https:\/\/unisinos.br\/cidadania\/wp-json\/wp\/v2\/posts\/1180\/revisions"}],"predecessor-version":[{"id":1182,"href":"https:\/\/unisinos.br\/cidadania\/wp-json\/wp\/v2\/posts\/1180\/revisions\/1182"}],"wp:attachment":[{"href":"https:\/\/unisinos.br\/cidadania\/wp-json\/wp\/v2\/media?parent=1180"}],"wp:term":[{"taxonomy":"category","embeddable":true,"href":"https:\/\/unisinos.br\/cidadania\/wp-json\/wp\/v2\/categories?post=1180"},{"taxonomy":"post_tag","embeddable":true,"href":"https:\/\/unisinos.br\/cidadania\/wp-json\/wp\/v2\/tags?post=1180"}],"curies":[{"name":"wp","href":"https:\/\/api.w.org\/{rel}","templated":true}]}}