{"id":1164,"date":"2017-07-17T14:31:34","date_gmt":"2017-07-17T17:31:34","guid":{"rendered":"https:\/\/webhomserverphp82.asav.org.br\/cidadania\/?p=1164"},"modified":"2017-07-17T14:31:34","modified_gmt":"2017-07-17T17:31:34","slug":"relatorio-de-prestacao-de-contas-dos-dois-conselhos-tutelares-de-sao-leopoldo","status":"publish","type":"post","link":"https:\/\/unisinos.br\/cidadania\/relatorio-de-prestacao-de-contas-dos-dois-conselhos-tutelares-de-sao-leopoldo\/","title":{"rendered":"Relat\u00f3rio de presta\u00e7\u00e3o de contas dos dois Conselhos Tutelares de S\u00e3o Leopoldo"},"content":{"rendered":"<p>Abaixo, encontra-se a Presta\u00e7\u00e3o de Contas dos dois Conselhos Tutelares de S\u00e3o Leopoldo para aprecia\u00e7\u00e3o e conhecimento de todos. Eles ser\u00e3o apresentados na pr\u00f3xima Plen\u00e1ria do COMDEDICA.<\/p>\n<p>Clique no link para fazer o Download:<\/p>\n<p><a href=\"https:\/\/webhomserverphp82.asav.org.br\/cidadania\/wp-content\/uploads\/2017\/07\/CT-Estat\u00edsticas-PADR\u00c3O-Junho-2017.pptx\">CT- Estat\u00edsticas PADR\u00c3O Junho 2017<\/a><\/p>\n<p><a href=\"https:\/\/webhomserverphp82.asav.org.br\/cidadania\/wp-content\/uploads\/2017\/07\/Presta\u00e7\u00e3o-de-contas-CT-Norte-Maio-2017.pptx\">Presta\u00e7\u00e3o de contas CT Norte Maio 2017<\/a><\/p>\n","protected":false},"excerpt":{"rendered":"<p>Abaixo, encontra-se a Presta\u00e7\u00e3o de Contas dos dois Conselhos Tutelares de S\u00e3o Leopoldo para aprecia\u00e7\u00e3o e conhecimento de todos. Eles ser\u00e3o apresentados na pr\u00f3xima Plen\u00e1ria do COMDEDICA. Clique no link para fazer o Download: CT- Estat\u00edsticas PADR\u00c3O Junho 2017 Presta\u00e7\u00e3o de contas CT Norte Maio 2017<\/p>\n","protected":false},"author":4,"featured_media":0,"comment_status":"open","ping_status":"open","sticky":false,"template":"","format":"standard","meta":{"_monsterinsights_skip_tracking":false,"_monsterinsights_sitenote_active":false,"_monsterinsights_sitenote_note":"","_monsterinsights_sitenote_category":0,"footnotes":""},"categories":[2],"tags":[],"class_list":["post-1164","post","type-post","status-publish","format-standard","hentry","category-cidadania-em-foco"],"_links":{"self":[{"href":"https:\/\/unisinos.br\/cidadania\/wp-json\/wp\/v2\/posts\/1164","targetHints":{"allow":["GET"]}}],"collection":[{"href":"https:\/\/unisinos.br\/cidadania\/wp-json\/wp\/v2\/posts"}],"about":[{"href":"https:\/\/unisinos.br\/cidadania\/wp-json\/wp\/v2\/types\/post"}],"author":[{"embeddable":true,"href":"https:\/\/unisinos.br\/cidadania\/wp-json\/wp\/v2\/users\/4"}],"replies":[{"embeddable":true,"href":"https:\/\/unisinos.br\/cidadania\/wp-json\/wp\/v2\/comments?post=1164"}],"version-history":[{"count":1,"href":"https:\/\/unisinos.br\/cidadania\/wp-json\/wp\/v2\/posts\/1164\/revisions"}],"predecessor-version":[{"id":1167,"href":"https:\/\/unisinos.br\/cidadania\/wp-json\/wp\/v2\/posts\/1164\/revisions\/1167"}],"wp:attachment":[{"href":"https:\/\/unisinos.br\/cidadania\/wp-json\/wp\/v2\/media?parent=1164"}],"wp:term":[{"taxonomy":"category","embeddable":true,"href":"https:\/\/unisinos.br\/cidadania\/wp-json\/wp\/v2\/categories?post=1164"},{"taxonomy":"post_tag","embeddable":true,"href":"https:\/\/unisinos.br\/cidadania\/wp-json\/wp\/v2\/tags?post=1164"}],"curies":[{"name":"wp","href":"https:\/\/api.w.org\/{rel}","templated":true}]}}