{"id":1147,"date":"2017-06-14T15:09:12","date_gmt":"2017-06-14T18:09:12","guid":{"rendered":"https:\/\/webhomserverphp82.asav.org.br\/cidadania\/?p=1147"},"modified":"2019-08-21T15:20:05","modified_gmt":"2019-08-21T18:20:05","slug":"11a-conferencia-municipal-da-assistencia-social","status":"publish","type":"post","link":"https:\/\/unisinos.br\/cidadania\/11a-conferencia-municipal-da-assistencia-social\/","title":{"rendered":"11\u00aa Confer\u00eancia Municipal da Assist\u00eancia Social"},"content":{"rendered":"<p>Encontro preparat\u00f3rio da rede Socioassistencial da Regi\u00e3o Oeste<\/p>\n<p><strong>Tema:<\/strong> \u201cGarantia de Direitos no Fortalecimento do Sistema \u00danico de Assist\u00eancia Social &#8211; SUAS\u201d<\/p>\n<p><img decoding=\"async\" class=\"alignnone size-large wp-image-1148\" src=\"https:\/\/webhomserverphp82.asav.org.br\/cidadania\/wp-content\/uploads\/2017\/06\/Sem-t\u00edtulo-1024x623.png\" alt=\"Sem t\u00edtulo\" width=\"1024\" height=\"623\" srcset=\"https:\/\/unisinos.br\/cidadania\/wp-content\/uploads\/2017\/06\/Sem-t\u00edtulo-200x122.png 200w, https:\/\/unisinos.br\/cidadania\/wp-content\/uploads\/2017\/06\/Sem-t\u00edtulo-300x183.png 300w, https:\/\/unisinos.br\/cidadania\/wp-content\/uploads\/2017\/06\/Sem-t\u00edtulo-400x243.png 400w, https:\/\/unisinos.br\/cidadania\/wp-content\/uploads\/2017\/06\/Sem-t\u00edtulo-600x365.png 600w, https:\/\/unisinos.br\/cidadania\/wp-content\/uploads\/2017\/06\/Sem-t\u00edtulo-768x467.png 768w, https:\/\/unisinos.br\/cidadania\/wp-content\/uploads\/2017\/06\/Sem-t\u00edtulo-800x487.png 800w, https:\/\/unisinos.br\/cidadania\/wp-content\/uploads\/2017\/06\/Sem-t\u00edtulo-1024x623.png 1024w, https:\/\/unisinos.br\/cidadania\/wp-content\/uploads\/2017\/06\/Sem-t\u00edtulo.png 1088w\" sizes=\"(max-width: 1024px) 100vw, 1024px\" \/><\/p>\n","protected":false},"excerpt":{"rendered":"<p>Encontro preparat\u00f3rio da rede Socioassistencial da Regi\u00e3o Oeste Tema: \u201cGarantia de Direitos no Fortalecimento do Sistema \u00danico de Assist\u00eancia Social &#8211; SUAS\u201d<\/p>\n","protected":false},"author":4,"featured_media":0,"comment_status":"open","ping_status":"open","sticky":false,"template":"","format":"standard","meta":{"_monsterinsights_skip_tracking":false,"_monsterinsights_sitenote_active":false,"_monsterinsights_sitenote_note":"","_monsterinsights_sitenote_category":0,"footnotes":""},"categories":[2],"tags":[],"class_list":["post-1147","post","type-post","status-publish","format-standard","hentry","category-cidadania-em-foco"],"_links":{"self":[{"href":"https:\/\/unisinos.br\/cidadania\/wp-json\/wp\/v2\/posts\/1147","targetHints":{"allow":["GET"]}}],"collection":[{"href":"https:\/\/unisinos.br\/cidadania\/wp-json\/wp\/v2\/posts"}],"about":[{"href":"https:\/\/unisinos.br\/cidadania\/wp-json\/wp\/v2\/types\/post"}],"author":[{"embeddable":true,"href":"https:\/\/unisinos.br\/cidadania\/wp-json\/wp\/v2\/users\/4"}],"replies":[{"embeddable":true,"href":"https:\/\/unisinos.br\/cidadania\/wp-json\/wp\/v2\/comments?post=1147"}],"version-history":[{"count":1,"href":"https:\/\/unisinos.br\/cidadania\/wp-json\/wp\/v2\/posts\/1147\/revisions"}],"predecessor-version":[{"id":1149,"href":"https:\/\/unisinos.br\/cidadania\/wp-json\/wp\/v2\/posts\/1147\/revisions\/1149"}],"wp:attachment":[{"href":"https:\/\/unisinos.br\/cidadania\/wp-json\/wp\/v2\/media?parent=1147"}],"wp:term":[{"taxonomy":"category","embeddable":true,"href":"https:\/\/unisinos.br\/cidadania\/wp-json\/wp\/v2\/categories?post=1147"},{"taxonomy":"post_tag","embeddable":true,"href":"https:\/\/unisinos.br\/cidadania\/wp-json\/wp\/v2\/tags?post=1147"}],"curies":[{"name":"wp","href":"https:\/\/api.w.org\/{rel}","templated":true}]}}